{"id":4005,"date":"2026-05-01T18:00:00","date_gmt":"2026-05-01T16:00:00","guid":{"rendered":"https:\/\/epic-asso.com\/?p=4005"},"modified":"2026-05-01T17:58:44","modified_gmt":"2026-05-01T15:58:44","slug":"japan-expo-2026-25-impact","status":"publish","type":"post","link":"https:\/\/epic-asso.com\/index.php\/2026\/05\/01\/japan-expo-2026-25-impact\/","title":{"rendered":"JAPAN EXPO 2026 &#8211; 25\u00b0 Impact"},"content":{"rendered":"\n<p><strong>9 au 12 juillet<\/strong> <strong>2026<\/strong><\/p>\n\n\n\n<p>Et nous revoici pour la 25\u00b0 \u00e9dition de <a href=\"https:\/\/www.japan-expo-paris.com\/fr\/\" target=\"_blank\" rel=\"noreferrer noopener\">Japan Expo<\/a> !<\/p>\n\n\n\n<figure class=\"wp-block-gallery has-nested-images columns-default is-cropped wp-block-gallery-1 is-layout-flex wp-block-gallery-is-layout-flex\">\n<figure class=\"wp-block-image size-large\"><img data-recalc-dims=\"1\" loading=\"lazy\" decoding=\"async\" width=\"819\" height=\"1024\" data-id=\"4017\" src=\"https:\/\/i0.wp.com\/epic-asso.com\/wp-content\/uploads\/2026\/04\/1-1.png?resize=819%2C1024&#038;ssl=1\" alt=\"\" class=\"wp-image-4017\" srcset=\"https:\/\/i0.wp.com\/epic-asso.com\/wp-content\/uploads\/2026\/04\/1-1.png?resize=819%2C1024&amp;ssl=1 819w, https:\/\/i0.wp.com\/epic-asso.com\/wp-content\/uploads\/2026\/04\/1-1.png?resize=240%2C300&amp;ssl=1 240w, https:\/\/i0.wp.com\/epic-asso.com\/wp-content\/uploads\/2026\/04\/1-1.png?resize=768%2C960&amp;ssl=1 768w, https:\/\/i0.wp.com\/epic-asso.com\/wp-content\/uploads\/2026\/04\/1-1.png?w=1080&amp;ssl=1 1080w\" sizes=\"auto, (max-width: 819px) 100vw, 819px\" \/><\/figure>\n<\/figure>\n\n\n\n<p><em>Ouverture des brouillons<\/em> : Dimanche 3 mai \u00e0 21h <br><em>Ouverture des inscriptions<\/em> : Dimanche 17 mai \u00e0 21h<br><em>Fermeture des inscriptions<\/em> : Samedi 27 juin \u00e0 12h<br><a href=\"https:\/\/inscription.epic-asso.com\/\">https:\/\/inscription.epic-asso.com\/<\/a><br>Le tutoriel d\u2019inscription : <a href=\"https:\/\/epic-asso.com\/index.php\/faq\" target=\"_blank\" rel=\"noreferrer noopener\">https:\/\/epic-asso.com\/index.php\/faq<\/a><\/p>\n\n\n\n<p>Jeudi et vendredi, retrouvez nos concours g\u00e9n\u00e9raux sur la sc\u00e8ne Ichigo et le dimanche auront lieu les s\u00e9lections fran\u00e7aises de l&rsquo;<a href=\"https:\/\/www.ecg-cosplay.com\/fr\/\" data-type=\"link\" data-id=\"https:\/\/www.ecg-cosplay.com\/fr\/\" target=\"_blank\" rel=\"noreferrer noopener\">Extreme Cosplay Gathering<\/a> !<br>Le samedi, venez assister \u00e0 la finale de l&rsquo;Extreme Cosplay Gathering, le concours international de Japan Expo, ce n&rsquo;est pas moins de 21 pays qui participeront cette ann\u00e9e !<\/p>\n\n\n\n<p>Le r\u00e8glement des concours g\u00e9n\u00e9raux est disponible : <a href=\"https:\/\/drive.google.com\/file\/d\/194dwg41ZZOCQj3m_whSYWTho7NoH31Ec\/view?usp=sharing\" target=\"_blank\" rel=\"noreferrer noopener\">R\u00e8glement Concours G\u00e9n\u00e9ral<\/a><br>Le gabarit pour partager vos photos d&rsquo;avancement (dans le cadre d&rsquo;une inscription au concours g\u00e9n\u00e9ral) : <a href=\"https:\/\/docs.google.com\/presentation\/d\/1FHHsmyYHHu4BSXSdpcvilt7FlJ3raEN_h8lB7TTulxY\/edit?usp=drive_link\" target=\"_blank\" rel=\"noreferrer noopener\">Photos d&rsquo;avancement<\/a><br><br>Le r\u00e8glement des s\u00e9lections fran\u00e7aises de l&rsquo;Extreme Cosplay Gathering est disponible : <a href=\"https:\/\/drive.google.com\/file\/d\/1uvdETGoixBoftnt2cbLbBi7hKagyRpIc\/view?usp=sharing\" target=\"_blank\" rel=\"noreferrer noopener\">R\u00e8glement S\u00e9lections ECG<\/a><br>Le gabarit pour partager votre Portfolio \u00e0 destination des jurys (dans le cadre des s\u00e9lections) : <a href=\"https:\/\/docs.google.com\/presentation\/d\/1vFDJYD-SkpIFvNk0D5a0uM8Kz7-SxUiPSqOH0zJeh4A\/edit?usp=drive_link\" target=\"_blank\" rel=\"noreferrer noopener\">Portfolio S\u00e9lections<\/a><br><br><strong>Rappel <\/strong>: vous devrez valider votre inscription rapidement le jour de l&rsquo;ouverture. N\u2019oubliez pas, dans le cadre des concours g\u00e9n\u00e9raux, pour des inscriptions compl\u00e8tes et valid\u00e9es: premier.e arriv\u00e9.e, premier.e servi.e ! <strong>Attention, pour ces concours, les places partent tr\u00e8s vite ! <\/strong>Pr\u00e9parez vos brouillons \u00e0 l&rsquo;avance et venez les soumettre \u00e0 l&rsquo;heure exacte le jour de l&rsquo;ouverture !<br>Pour les s\u00e9lections fran\u00e7aises, toutes les inscriptions valides seront accept\u00e9es. Si trop de participant.e.s \u00e9taient inscrit.e.s, une pr\u00e9s\u00e9lection se ferait apr\u00e8s le judging costume !<br><br>N\u2019oubliez pas d\u2019acheter votre billet pour acc\u00e9der \u00e0 la convention, il n&rsquo;est pas possible d&rsquo;acheter sur place : <a href=\"https:\/\/ticket.japan-expo.com\/fr\/evenements\/japan-expo-paris-2026\/categories\/tous-les-tickets\" target=\"_blank\" rel=\"noreferrer noopener\">Billeterie Japan Expo<\/a><br><br><strong>Au programme :<\/strong> <br><strong><em>Sur la Ichigo<\/em><\/strong> : un concours cosplay le jeudi et le vendredi, la finale de l&rsquo;Extreme Cosplay Gathering le samedi et les s\u00e9lections fran\u00e7aises le dimanche.<br><strong><em>Sur la Kitsune<\/em><\/strong> : un catwalk ou deux par jour, un blindtest les vendredi et samedi et une session prestations libres le dimanche. Les catwalks se feront sans inscription en se rendant simplement au point de rendez-vous quelques minutes avant le d\u00e9but ! Les prestations libres se feront sur inscription sur place le matin-m\u00eame.<\/p>\n\n\n\n<p><strong>\u2753 Des questions : <\/strong><br><em>Jeudi <\/em>: jeudi-je-2026@epic-asso.com <br><em>Vendredi <\/em>: vendredi-je-2026@epic-asso.com <br><em>Dimanche <\/em>: selections-ecg-je-2026@epic-asso.com<\/p>\n\n\n\n<p><em>Stay tuned pour plus d\u2019infos !<\/em><\/p>\n\n\n\n<p><\/p>\n","protected":false},"excerpt":{"rendered":"<div class=\"entry-summary\">\n9 au 12 juillet 2026 Et nous revoici pour la 25\u00b0 \u00e9dition de Japan Expo ! Ouverture des brouillons : Dimanche 3 mai \u00e0 21h Ouverture des inscriptions : Dimanche 17 mai \u00e0 21hFermeture des inscriptions : Samedi 27 juin&hellip;\n<\/div>\n<div class=\"link-more\"><a href=\"https:\/\/epic-asso.com\/index.php\/2026\/05\/01\/japan-expo-2026-25-impact\/\" class=\"more-link\">Continue reading<span class=\"screen-reader-text\"> &ldquo;JAPAN EXPO 2026 &#8211; 25\u00b0 Impact&rdquo;<\/span>&hellip;<\/a><\/div>\n","protected":false},"author":1,"featured_media":0,"comment_status":"closed","ping_status":"open","sticky":false,"template":"","format":"standard","meta":{"_acf_changed":false,"footnotes":""},"categories":[6,1],"tags":[],"class_list":["post-4005","post","type-post","status-publish","format-standard","hentry","category-japan-expo","category-non-classe","entry"],"acf":[],"jetpack_featured_media_url":"","jetpack-related-posts":[],"_links":{"self":[{"href":"https:\/\/epic-asso.com\/index.php\/wp-json\/wp\/v2\/posts\/4005","targetHints":{"allow":["GET"]}}],"collection":[{"href":"https:\/\/epic-asso.com\/index.php\/wp-json\/wp\/v2\/posts"}],"about":[{"href":"https:\/\/epic-asso.com\/index.php\/wp-json\/wp\/v2\/types\/post"}],"author":[{"embeddable":true,"href":"https:\/\/epic-asso.com\/index.php\/wp-json\/wp\/v2\/users\/1"}],"replies":[{"embeddable":true,"href":"https:\/\/epic-asso.com\/index.php\/wp-json\/wp\/v2\/comments?post=4005"}],"version-history":[{"count":5,"href":"https:\/\/epic-asso.com\/index.php\/wp-json\/wp\/v2\/posts\/4005\/revisions"}],"predecessor-version":[{"id":4021,"href":"https:\/\/epic-asso.com\/index.php\/wp-json\/wp\/v2\/posts\/4005\/revisions\/4021"}],"wp:attachment":[{"href":"https:\/\/epic-asso.com\/index.php\/wp-json\/wp\/v2\/media?parent=4005"}],"wp:term":[{"taxonomy":"category","embeddable":true,"href":"https:\/\/epic-asso.com\/index.php\/wp-json\/wp\/v2\/categories?post=4005"},{"taxonomy":"post_tag","embeddable":true,"href":"https:\/\/epic-asso.com\/index.php\/wp-json\/wp\/v2\/tags?post=4005"}],"curies":[{"name":"wp","href":"https:\/\/api.w.org\/{rel}","templated":true}]}}